{"id":1101,"date":"2026-03-11T19:07:01","date_gmt":"2026-03-11T19:07:01","guid":{"rendered":"https:\/\/ctesnoticias.com\/?p=1101"},"modified":"2026-03-11T19:07:01","modified_gmt":"2026-03-11T19:07:01","slug":"afa-ante-la-justicia-toviggino-fue-indagado-en-la-causa-por-presunta-evasion","status":"publish","type":"post","link":"https:\/\/ctesnoticias.com\/index.php\/2026\/03\/11\/afa-ante-la-justicia-toviggino-fue-indagado-en-la-causa-por-presunta-evasion\/","title":{"rendered":"AFA ANTE LA JUSTICIA: TOVIGGINO FUE INDAGADO EN LA CAUSA POR PRESUNTA EVASI\u00d3N"},"content":{"rendered":"\n<p>El tesorero de la entidad se present\u00f3 en Tribunales. Ma\u00f1ana ser\u00e1 el turno de \u201cChiqui\u201d Tapia. La ARCA acusa a la Asociaci\u00f3n de F\u00fatbol Argentino de retenci\u00f3n indebida de impuestos y aportes previsionales. \u00a0<\/p>\n\n\n\n<p>El tesorero de la Asociaci\u00f3n del F\u00fatbol Argentino (AFA),&nbsp;Pablo Toviggino,&nbsp;se present\u00f3 en Comodoro Py para ser indagado por el juez en lo penal econ\u00f3mico&nbsp;Diego Amarante&nbsp;en la causa por presuntos desmanejos de fondos por&nbsp;retenci\u00f3n indebida&nbsp;de impuestos y aportes previsionales.&nbsp;El dirigente, mano derecha del presidente de la instituci\u00f3n,&nbsp;Claudio \u201cChiqui\u201d Tapia,&nbsp;deb\u00eda presentarse la semana pasada ante la Justicia pero logr\u00f3 posponer la citaci\u00f3n tras cambiar a sus abogados.&nbsp;<strong>Tapia deber\u00e1 presentarse ma\u00f1ana.<\/strong><\/p>\n\n\n\n<p>Esta semana el magistrado Amarante rechaz\u00f3 los pedidos de nulidad presentados por ambos dirigentes y ratific\u00f3 las indagatorias programadas para esta semana. El magistrado rechaz\u00f3 los argumentos de las defensas, que plantearon que no exist\u00eda delito y que se deb\u00eda suspender el llamado a indagatoria por existir un recurso pendiente de resoluci\u00f3n ante la C\u00e1mara.<\/p>\n\n\n\n<p>La Agencia de Recaudaci\u00f3n y Control Aduanero (ARCA) acusa a la AFA de haber actuado como&nbsp;agente de retenci\u00f3n y percepci\u00f3n de tributos nacionales&nbsp;y recursos de la seguridad social, sin depositar los montos correspondientes&nbsp;<strong>dentro del plazo legal de 30 d\u00edas corridos<\/strong>&nbsp;posteriores al vencimiento.<\/p>\n\n\n\n<p>Los per\u00edodos abarcados van desde&nbsp;marzo de 2024&nbsp;hasta&nbsp;septiembre de 2025, con retenciones en IVA, Impuesto a las Ganancias y contribuciones a la seguridad social.<\/p>\n\n\n\n<p>El abogado de Pablo Toviggino dijo que la AFA \u201cno cometi\u00f3 delito\u201d y critic\u00f3 al juez: \u201cTiene poca autoridad moral\u201d<\/p>\n\n\n\n<p>El abogado de Toviggino,&nbsp;Gregorio Dalb\u00f3n,&nbsp;dijo previo a la presentaci\u00f3n de su defendido: \u201cEsta es una causa que carece de tipicidad, la AFA no cometi\u00f3 delito. Las empresas y muchos empresarios est\u00e1n en la misma situaci\u00f3n que la AFA, en un plan de pagos.&nbsp;<strong>La AFA pag\u00f3 y sigue en un plan de pagos, no hay posibilidad de delito\u201d.<\/strong><\/p>\n\n\n\n<p>Dalb\u00f3n adem\u00e1s le hizo duras cr\u00edticas a Amarante: \u201cEs&nbsp;un juez con muy poca autoridad moral,&nbsp;denunciado por d\u00e1divas, que arm\u00f3 esta causa, y que posiblemente vaya a procesar a toda la gente al que le vaya a tomar indagatoria. Pero la C\u00e1mara va a poner la situaci\u00f3n en su lugar, porque cuando una acci\u00f3n es at\u00edpica,&nbsp;<strong>por m\u00e1s voluntad jur\u00eddica que haya para que se procese y avance en una causa, es at\u00edpico, y se va a archivar\u201d.<\/strong><\/p>\n\n\n\n<p>El abogado de Toviggino cuestion\u00f3: \u201cDescontamos que hay&nbsp;temor de parcialidad,&nbsp;le prohibi\u00f3 la salida del pa\u00eds a Tapia, antes de llamarlo a indagatoria, algo que no se usa, es un&nbsp;prejuzgamiento.&nbsp;Creo que Amarante se equivoc\u00f3, se lo va a hacer saber la c\u00e1mara econ\u00f3mica, no va a dejar pasar bajo ning\u00fan punto de vista que una acci\u00f3n at\u00edpica prospere&#8221;.<\/p>\n\n\n\n<p>Dalb\u00f3n adem\u00e1s le hizo duras cr\u00edticas y acusaciones al Gobierno: \u201c\u00bfQu\u00e9 hay detr\u00e1s de esto?&nbsp;La AFA no va a ser de la SIDE,&nbsp;la AFA no a ser de (el asesor presidencial)&nbsp;Santiago Caputo,&nbsp;la AFA va a seguir siendo de los clubes. El Gobierno no va a tener la AFA, que va a seguir siendo&nbsp;de cada club y de cada dirigente&nbsp;que vote en asamblea. El Gobierno&nbsp;quiere quedarse con la AFA,&nbsp;pero no lo va a lograr&#8221;.<\/p>\n\n\n\n<p><\/p>\n\n\n\n<h2 class=\"wp-block-heading\"><strong>Las claves de la causa por presunta evasi\u00f3n de la AFA<\/strong><\/h2>\n\n\n\n<ul>\n<li>ARCA explic\u00f3 que estas maniobras configuran \u201cel delito de&nbsp;omisi\u00f3n, ya que el deber jur\u00eddico de actuar surge directamente de la calidad de agente de retenci\u00f3n, y la conducta t\u00edpica se materializa en la falta de dep\u00f3sito del dinero retenido en tiempo oportuno\u201d.<\/li>\n\n\n\n<li>Seg\u00fan la denuncia inicial hubo un total de&nbsp;$7.593.903.512,23&nbsp;en obligaciones que no fueron depositadas en tiempo y forma, dividido en dos grandes rubros, retenciones impositivas y retenciones de la seguridad social. En la ampliaci\u00f3n de la denuncia el monto denunciado sum\u00f3&nbsp;$11.759.643.331,62.<\/li>\n\n\n\n<li>As\u00ed, el total bajo investigaci\u00f3n supera los&nbsp;$19.300 millones&nbsp;por retenciones y aportes que no habr\u00edan sido ingresados.<\/li>\n\n\n\n<li>ARCA aclar\u00f3 que \u201clos importes en cuesti\u00f3n no constituyen fondos propios del contribuyente, sino recursos ajenos que pertenecen al Estado desde el momento mismo de la retenci\u00f3n, por lo que su no ingreso implica una indebida apropiaci\u00f3n de caudales p\u00fablicos\u201d.<\/li>\n\n\n\n<li>El organismo plante\u00f3 que \u201cdesde el punto de vista subjetivo&nbsp;el delito se consuma con dolo, entendido como el conocimiento del deber legal de ingresar las sumas retenidas y la posibilidad real de hacerlo, sin que resulte exigible una intenci\u00f3n especial de apropiaci\u00f3n\u201d.<\/li>\n\n\n\n<li>\u201cLa AFA conoc\u00eda su obligaci\u00f3n, hab\u00eda practicado las retenciones y se encontraba en condiciones de cumplir con el deposito, optando sin embargo por omitirlo, lo que satisface el elemento subjetivo requerido por el tipo penal\u201d, asegur\u00f3 el ente regulador.<\/li>\n\n\n\n<li>Entre las pruebas ofrecidas por el organismo estatal aparece informes del Banco Credicoop, donde se constatan acreditaciones en cuentas de la AFA, as\u00ed como la constituci\u00f3n de plazos fijos en pesos y d\u00f3lares por sumas considerables, lo que demostrar\u00eda la \u201ccapacidad f\u00e1ctica\u201d de disponer de fondos para cumplir con las obligaciones.<\/li>\n<\/ul>\n","protected":false},"excerpt":{"rendered":"<p>El tesorero de la entidad se present\u00f3 en Tribunales. Ma\u00f1ana ser\u00e1 el turno de \u201cChiqui\u201d [&hellip;]<\/p>\n","protected":false},"author":1,"featured_media":1102,"comment_status":"open","ping_status":"open","sticky":false,"template":"","format":"standard","meta":{"footnotes":""},"categories":[1],"tags":[],"_links":{"self":[{"href":"https:\/\/ctesnoticias.com\/index.php\/wp-json\/wp\/v2\/posts\/1101"}],"collection":[{"href":"https:\/\/ctesnoticias.com\/index.php\/wp-json\/wp\/v2\/posts"}],"about":[{"href":"https:\/\/ctesnoticias.com\/index.php\/wp-json\/wp\/v2\/types\/post"}],"author":[{"embeddable":true,"href":"https:\/\/ctesnoticias.com\/index.php\/wp-json\/wp\/v2\/users\/1"}],"replies":[{"embeddable":true,"href":"https:\/\/ctesnoticias.com\/index.php\/wp-json\/wp\/v2\/comments?post=1101"}],"version-history":[{"count":1,"href":"https:\/\/ctesnoticias.com\/index.php\/wp-json\/wp\/v2\/posts\/1101\/revisions"}],"predecessor-version":[{"id":1103,"href":"https:\/\/ctesnoticias.com\/index.php\/wp-json\/wp\/v2\/posts\/1101\/revisions\/1103"}],"wp:featuredmedia":[{"embeddable":true,"href":"https:\/\/ctesnoticias.com\/index.php\/wp-json\/wp\/v2\/media\/1102"}],"wp:attachment":[{"href":"https:\/\/ctesnoticias.com\/index.php\/wp-json\/wp\/v2\/media?parent=1101"}],"wp:term":[{"taxonomy":"category","embeddable":true,"href":"https:\/\/ctesnoticias.com\/index.php\/wp-json\/wp\/v2\/categories?post=1101"},{"taxonomy":"post_tag","embeddable":true,"href":"https:\/\/ctesnoticias.com\/index.php\/wp-json\/wp\/v2\/tags?post=1101"}],"curies":[{"name":"wp","href":"https:\/\/api.w.org\/{rel}","templated":true}]}}