{"id":1098,"date":"2026-03-11T19:06:09","date_gmt":"2026-03-11T19:06:09","guid":{"rendered":"https:\/\/ctesnoticias.com\/?p=1098"},"modified":"2026-03-11T19:06:10","modified_gmt":"2026-03-11T19:06:10","slug":"reprogramaron-para-mitad-de-abril-el-juicio-por-la-muerte-de-maradona","status":"publish","type":"post","link":"https:\/\/ctesnoticias.com\/index.php\/2026\/03\/11\/reprogramaron-para-mitad-de-abril-el-juicio-por-la-muerte-de-maradona\/","title":{"rendered":"REPROGRAMARON PARA MITAD DE ABRIL EL JUICIO POR LA MUERTE DE MARADONA"},"content":{"rendered":"\n<p>As\u00ed lo dispuso el Tribunal Oral en lo Criminal (TOC) N\u00b07 de San Isidro\u00a0a pocos d\u00edas del arranque del debate.<\/p>\n\n\n\n<p>El&nbsp;<strong>juicio por la muerte de Diego Armando Maradona&nbsp;fue&nbsp;reprogramado&nbsp;para mitad de abril&nbsp;<\/strong>de este a\u00f1o, por lo que una vez m\u00e1s se retrasa el dictamen de la Justicia respecto a la responsabilidad o no de los acusados, entre los que se encuentran&nbsp;Leopoldo Luque&nbsp;y&nbsp;Agustina Cosachov.<\/p>\n\n\n\n<p>Fuentes del caso le confirmaron a la&nbsp;Agencia Noticias Argentinas&nbsp;que el&nbsp;<strong>Tribunal Oral en lo Criminal (TOC) N\u00b07 de San Isidro<\/strong>&nbsp;resolvi\u00f3, a pocos d\u00edas de que inicie el debate despu\u00e9s del esc\u00e1ndalo por el documental de la ex jueza Julieta Makintach, que el juicio&nbsp;arranque el pr\u00f3ximo 14 de abril.<\/p>\n\n\n\n<p>El debate ten\u00eda fecha para el\u00a0pr\u00f3ximo<strong>\u00a017 de marzo<\/strong>, pero en las \u00faltimas horas se inform\u00f3 que el mismo se corri\u00f3 un mes m\u00e1s tarde y, ahora,<strong>\u00a0ser\u00e1n solo dos audiencias semanales<\/strong>\u00a0y no tres como se hab\u00eda estipulado.<\/p>\n\n\n\n<p>Al consultar sobre por qu\u00e9 el Tribunal decidi\u00f3 esta modificaci\u00f3n, explicaron que,&nbsp;<strong>al reducir considerablemente la lista de testigos<\/strong>,&nbsp;\u201cse les da a las partes un tiempo prudencial para adecuar su preparaci\u00f3n al nuevo esquema de prueba testimonial y planificar la distribuci\u00f3n de los testigos\u201d.<\/p>\n\n\n\n<p>A su vez, se suma que,&nbsp;<strong>esta reducci\u00f3n de la lista&nbsp;hace prever una duraci\u00f3n menor del debate.&nbsp;<\/strong>&nbsp;\u201cEstimo oportuno agregar, que este Tribunal y desde el inicio de su intervenci\u00f3n, ha sostenido una posici\u00f3n firme en orden a impulsar el proceso con la mayor celeridad posible y&nbsp;<strong>garantizar la pronta realizaci\u00f3n del juicio oral,<\/strong>&nbsp;en consonancia con los principios de concentraci\u00f3n, continuidad y plazo razonable que informan el proceso penal. No obstante, cuando las circunstancias del proceso as\u00ed lo aconsejan, ello no impide, al Tribunal que en el ejercicio razonable de las facultades de direcci\u00f3n que le competen, adopte decisiones de reprogramaci\u00f3n como la aqu\u00ed dispuesta que, lejos de implicar una dilaci\u00f3n indebida o contradecir los principios de econom\u00eda y celeridad,&nbsp;<strong>procuran asegurar un desarrollo m\u00e1s ordenado, previsible y eficiente del juicio oral<\/strong>, preservando el plazo razonable y dem\u00e1s garant\u00edas propias del debate, m\u00e1xime cuando particularmente, las partes intervinientes han coincidido en la necesidad de adecuar el cronograma inicialmente previsto\u201d, se\u00f1ala el escrito firmado por el presidente del Tribunal,&nbsp;<strong>Alberto Gaig.<\/strong><\/p>\n\n\n\n<p>La modificaci\u00f3n&nbsp;solo obtuvo dos votos a favor y uno en contra. Gaig&nbsp;y&nbsp;Alberto Ortolani hicieron lugar a la solicitud, mientras que Pablo Rol\u00f3n vot\u00f3 por no postergar el debate<\/p>\n","protected":false},"excerpt":{"rendered":"<p>As\u00ed lo dispuso el Tribunal Oral en lo Criminal (TOC) N\u00b07 de San Isidro\u00a0a pocos [&hellip;]<\/p>\n","protected":false},"author":1,"featured_media":1099,"comment_status":"open","ping_status":"open","sticky":false,"template":"","format":"standard","meta":{"footnotes":""},"categories":[1],"tags":[],"_links":{"self":[{"href":"https:\/\/ctesnoticias.com\/index.php\/wp-json\/wp\/v2\/posts\/1098"}],"collection":[{"href":"https:\/\/ctesnoticias.com\/index.php\/wp-json\/wp\/v2\/posts"}],"about":[{"href":"https:\/\/ctesnoticias.com\/index.php\/wp-json\/wp\/v2\/types\/post"}],"author":[{"embeddable":true,"href":"https:\/\/ctesnoticias.com\/index.php\/wp-json\/wp\/v2\/users\/1"}],"replies":[{"embeddable":true,"href":"https:\/\/ctesnoticias.com\/index.php\/wp-json\/wp\/v2\/comments?post=1098"}],"version-history":[{"count":1,"href":"https:\/\/ctesnoticias.com\/index.php\/wp-json\/wp\/v2\/posts\/1098\/revisions"}],"predecessor-version":[{"id":1100,"href":"https:\/\/ctesnoticias.com\/index.php\/wp-json\/wp\/v2\/posts\/1098\/revisions\/1100"}],"wp:featuredmedia":[{"embeddable":true,"href":"https:\/\/ctesnoticias.com\/index.php\/wp-json\/wp\/v2\/media\/1099"}],"wp:attachment":[{"href":"https:\/\/ctesnoticias.com\/index.php\/wp-json\/wp\/v2\/media?parent=1098"}],"wp:term":[{"taxonomy":"category","embeddable":true,"href":"https:\/\/ctesnoticias.com\/index.php\/wp-json\/wp\/v2\/categories?post=1098"},{"taxonomy":"post_tag","embeddable":true,"href":"https:\/\/ctesnoticias.com\/index.php\/wp-json\/wp\/v2\/tags?post=1098"}],"curies":[{"name":"wp","href":"https:\/\/api.w.org\/{rel}","templated":true}]}}